{"id":1299,"date":"2019-12-17T21:22:00","date_gmt":"2019-12-17T20:22:00","guid":{"rendered":"https:\/\/www.fenestra.sk\/16-dni-aktivizmu\/?p=1299"},"modified":"2020-12-07T22:14:38","modified_gmt":"2020-12-07T21:14:38","slug":"co-sa-udialo-pocas-16dni-aktivizmu-2019","status":"publish","type":"post","link":"https:\/\/www.fenestra.sk\/16-dni-aktivizmu\/co-sa-udialo-pocas-16dni-aktivizmu-2019\/","title":{"rendered":"\u010cO SA UDIALO PO\u010cAS 16 DN\u00cd AKTIVIZMU 2019?"},"content":{"rendered":"\n<h5 class=\"wp-block-heading\">Po prv\u00fd kr\u00e1t v hist\u00f3rii Slovenska sa k Medzin\u00e1rodn\u00e9mu d\u0148u za odstr\u00e1nenie n\u00e1silia na \u017een\u00e1ch verejne vyjadrila hlava \u0161t\u00e1tu. Pani prezidentka v ten de\u0148 z\u00e1rove\u0148 v prezidentskom pal\u00e1ci so z\u00e1stupky\u0148ami viacer\u00fdch mimovl\u00e1dnych organiz\u00e1ci\u00ed, ktor\u00e9 dlhodobo pracuj\u00fa v oblasti \u013eudsk\u00fdch pr\u00e1v \u017eien a n\u00e1silia na \u017een\u00e1ch a ocenila ich pr\u00e1cu a \u00fasilie.<\/h5>\n\n\n\n<div class=\"wp-block-buttons is-layout-flex wp-block-buttons-is-layout-flex\">\n<div class=\"wp-block-button is-style-fill\"><a class=\"wp-block-button__link\" href=\"https:\/\/www.facebook.com\/zcaputova\/posts\/1265622696979045\">\u010c\u00edtaj viac<\/a><\/div>\n<\/div>\n\n\n\n<div style=\"height:80px\" aria-hidden=\"true\" class=\"wp-block-spacer\"><\/div>\n\n\n\n<h5 class=\"wp-block-heading\">Odmietav\u00fd postoj k n\u00e1siliu na \u017een\u00e1ch vyjadrila 25. novembra aj Verejn\u00e1 ochranky\u0148a pr\u00e1v, M\u00e1ria Patakyov\u00e1 a aj \u010fal\u0161\u00ed predstavitelia a predstavite\u013eky vl\u00e1dy a \u0161t\u00e1tnych in\u0161tit\u00faci\u00ed alebo ve\u013evyslanectiev.&nbsp;&nbsp;<\/h5>\n\n\n\n<div class=\"wp-block-buttons is-layout-flex wp-block-buttons-is-layout-flex\">\n<div class=\"wp-block-button\"><a class=\"wp-block-button__link\" href=\"https:\/\/www.facebook.com\/verejnaochrankynaprav\/posts\/2699557916804144\">\u010c\u00edtaj viac<\/a><\/div>\n<\/div>\n\n\n\n<div style=\"height:80px\" aria-hidden=\"true\" class=\"wp-block-spacer\"><\/div>\n\n\n\n<h5 class=\"wp-block-heading\">V r\u00f4znych mest\u00e1ch a na r\u00f4znych miestach Eur\u00f3py a sveta, vy\u0161li do ul\u00edc tis\u00edce \u017eien, aby upozor\u0148ovali na n\u00e1silie na \u017een\u00e1ch a in\u00e9 formy \u00fatlaku a diskrimin\u00e1cie \u017eien. Medzi nimi aj \u017eeny zo skupiny Las Tesis z Chile. Ich siln\u00e9 pouli\u010dn\u00e9 predstavenie \u201cUn violador en tu camino\u201d upozor\u0148uj\u00face na n\u00e1silie na \u017een\u00e1ch obletelo svet. Text, ktor\u00fd skandovali, sa stal neofici\u00e1lnou hymnou desiatok \u010fal\u0161\u00edch podobn\u00fdch protestov po celom svete.&nbsp;&nbsp;<\/h5>\n\n\n\n<div style=\"height:80px\" aria-hidden=\"true\" class=\"wp-block-spacer\"><\/div>\n\n\n\n<figure class=\"wp-block-embed-youtube wp-block-embed is-type-video is-provider-youtube wp-embed-aspect-16-9 wp-has-aspect-ratio\"><div class=\"wp-block-embed__wrapper\">\n<div class=\"ast-oembed-container \" style=\"height: 100%;\"><iframe title=\"Intervenci\u00f3n del colectivo Las Tesis en Santiago #25N\" width=\"500\" height=\"281\" src=\"https:\/\/www.youtube.com\/embed\/yJGE9zqgna8?feature=oembed\" frameborder=\"0\" allow=\"accelerometer; autoplay; clipboard-write; encrypted-media; gyroscope; picture-in-picture; web-share\" referrerpolicy=\"strict-origin-when-cross-origin\" allowfullscreen><\/iframe><\/div>\n<\/div><\/figure>\n\n\n\n<div style=\"height:80px\" aria-hidden=\"true\" class=\"wp-block-spacer\"><\/div>\n\n\n\n<h5 class=\"wp-block-heading\">28. novembra Eur\u00f3psky parlament jednozna\u010dne podporil ratifik\u00e1ciu Dohovoru Rady Eur\u00f3py o odstr\u00e1nen\u00ed n\u00e1silia na \u017een\u00e1ch a dom\u00e1ceho n\u00e1silia a boji proti nemu a prijal ve\u013ekou v\u00e4\u010d\u0161inou rezol\u00faciu, ktorou vyzval krajiny, ktor\u00e9 ho e\u0161te neratifikovali, aby tak urobili.&nbsp;<\/h5>\n\n\n\n<div style=\"height:80px\" aria-hidden=\"true\" class=\"wp-block-spacer\"><\/div>\n\n\n\n<h5 class=\"wp-block-heading\">28. novembra hlasovalo 93 poslancov a poslank\u00fd\u0148 NR SR za uznesenie, v ktorom sa uv\u00e1dza, \u017ee NR SR nes\u00fahlas\u00ed, aby SR bola prostredn\u00edctvom rozhodnut\u00ed a opatren\u00ed Eur\u00f3pskej \u00fanie viazan\u00e1 Dohovorom Rady Eur\u00f3py o odstr\u00e1nen\u00ed n\u00e1silia na \u017een\u00e1ch a dom\u00e1ceho n\u00e1silia a boji proti nemu, nes\u00fahlas\u00ed, aby E\u00da prist\u00fapila k dohovoru bez ak\u00fdchko\u013evek obmedzen\u00ed a \u017eiada vl\u00e1du SR, aby s vyu\u017eit\u00edm v\u0161etk\u00fdch mo\u017enost\u00ed postupovala vo\u010di in\u0161tit\u00faci\u00e1m E\u00da a Rady Eur\u00f3py s cie\u013eom zabr\u00e1ni\u0165 prijatiu z\u00e1v\u00e4zkov, ktor\u00e9 nie s\u00fa v na\u0161om pr\u00e1vnom poriadku a vypl\u00fdvaj\u00fa z Dohovoru.&nbsp;<\/h5>\n\n\n\n<div class=\"wp-block-buttons is-layout-flex wp-block-buttons-is-layout-flex\">\n<div class=\"wp-block-button\"><a class=\"wp-block-button__link\" href=\"https:\/\/www.facebook.com\/NGOfenestra\/posts\/1182398238618223\">\u010c\u00edtaj viac<\/a><\/div>\n<\/div>\n\n\n\n<div style=\"height:80px\" aria-hidden=\"true\" class=\"wp-block-spacer\"><\/div>\n\n\n\n<h5 class=\"wp-block-heading\">1. decembra sa v Bratislave konal spomienkov\u00fd koncert pre Violu Mac\u00e1kov\u00fa, ktor\u00e1 bola pod\u013ea spr\u00e1v pol\u00edcie a m\u00e9di\u00ed mu\u010den\u00e1, pravdepodobne zn\u00e1silnen\u00e1 a zavra\u017eden\u00e1 11. novembra. Pol\u00edcia vra\u017edu vy\u0161etruje.&nbsp;&nbsp;<\/h5>\n\n\n\n<div style=\"height:80px\" aria-hidden=\"true\" class=\"wp-block-spacer\"><\/div>\n\n\n\n<h5 class=\"wp-block-heading\">4. decembra sa aktivistky, \u017eeny a mu\u017ei zhroma\u017edili pred budovou NR SR, aby vyjadrili nes\u00fahlas s navrhovan\u00fdmi zmenami v pr\u00edstupe \u017eien k interupci\u00e1m. V r\u00e1mci iniciat\u00edvy Nebudeme ticho! to u\u017e bolo tretie protestn\u00e9 zhroma\u017edenie za posledn\u00e9 mesiace.&nbsp;&nbsp;<\/h5>\n\n\n\n<div class=\"wp-block-buttons is-layout-flex wp-block-buttons-is-layout-flex\">\n<div class=\"wp-block-button\"><a class=\"wp-block-button__link\" href=\"https:\/\/www.facebook.com\/MoznostVolby\/posts\/2982296448451617\">\u010c\u00edtaj viac<\/a><\/div>\n<\/div>\n\n\n\n<div style=\"height:80px\" aria-hidden=\"true\" class=\"wp-block-spacer\"><\/div>\n\n\n\n<h5 class=\"wp-block-heading\">5. decembra v NR SR nepre\u0161iel n\u00e1vrh z\u00e1kona, ktor\u00fd mal s\u0165a\u017ei\u0165 \u017een\u00e1m pr\u00edstup k interupci\u00e1m a po\u017eadova\u0165 od nich \u00fakony, ktor\u00e9 boli v rozpore s pr\u00e1vom \u017eien na s\u00fakromie, d\u00f4stojnos\u0165 a nere\u0161pektovali rozmanitos\u0165 sk\u00fasenosti \u017eien.&nbsp;<\/h5>\n\n\n\n<div class=\"wp-block-buttons is-layout-flex wp-block-buttons-is-layout-flex\">\n<div class=\"wp-block-button\"><a class=\"wp-block-button__link\" href=\"https:\/\/www.facebook.com\/MoznostVolby\/posts\/2985085664839362\">\u010c\u00edtaj viac<\/a><\/div>\n<\/div>\n\n\n\n<div style=\"height:80px\" aria-hidden=\"true\" class=\"wp-block-spacer\"><\/div>\n\n\n\n<h5 class=\"wp-block-heading\">6. decembra pol\u00edcia informovala o tom, \u017ee v Pezinku na\u0161li telo m\u0155tvej \u017eeny. Pr\u00edpad vy\u0161etruj\u00fa ako vra\u017edu. Pol\u00edcia zadr\u017eala 30 ro\u010dn\u00e9ho mu\u017ea podozriv\u00e9ho z vra\u017edy \u017eeny.&nbsp;&nbsp;<\/h5>\n\n\n\n<div style=\"height:80px\" aria-hidden=\"true\" class=\"wp-block-spacer\"><\/div>\n\n\n\n<h5 class=\"wp-block-heading\">11. decembra, presne mesiac od brut\u00e1lnej vra\u017edy Violy, zorganizovala skupina \u017eien v Bratislave flash-mob \u201cN\u00e1siln\u00edk v ceste\/ Un violador en tu camino\u201d a pridala Slovensko na mapu t\u00fdchto protestov proti n\u00e1siliu na \u017een\u00e1ch na celom svete.<\/h5>\n\n\n\n<div class=\"wp-block-buttons is-layout-flex wp-block-buttons-is-layout-flex\">\n<div class=\"wp-block-button\"><a class=\"wp-block-button__link\" href=\"https:\/\/www.facebook.com\/donna.felicita.338\/posts\/2509528755970978\">\u010c\u00edtaj viac<\/a><\/div>\n<\/div>\n\n\n\n<div style=\"height:80px\" aria-hidden=\"true\" class=\"wp-block-spacer\"><\/div>\n\n\n\n<h5 class=\"wp-block-heading\">\u010eakujeme v\u0161etk\u00fdm ostatn\u00fdm jednotliv\u00fdm \u013eu\u010fom, skupin\u00e1m alebo organiz\u00e1ci\u00e1m, ktor\u00ed a ktor\u00e9 sa zapojili do 16 dn\u00ed aktivizmu, \u010di u\u017e vlastn\u00fdmi aktivitami&nbsp; alebo podporou kampan\u00ed a iniciat\u00edv, ktor\u00e9 na n\u00e1silie na \u017een\u00e1ch upozor\u0148uj\u00fa.&nbsp;&nbsp;<\/h5>\n\n\n\n<div style=\"height:80px\" aria-hidden=\"true\" class=\"wp-block-spacer\"><\/div>\n","protected":false},"excerpt":{"rendered":"<p>Po prv\u00fd kr\u00e1t v hist\u00f3rii Slovenska sa k Medzin\u00e1rodn\u00e9mu d\u0148u za odstr\u00e1nenie n\u00e1silia na \u017een\u00e1ch verejne vyjadrila hlava \u0161t\u00e1tu. Pani prezidentka v ten de\u0148 z\u00e1rove\u0148 v prezidentskom pal\u00e1ci so z\u00e1stupky\u0148ami viacer\u00fdch mimovl\u00e1dnych organiz\u00e1ci\u00ed, ktor\u00e9 dlhodobo pracuj\u00fa v oblasti \u013eudsk\u00fdch pr\u00e1v \u017eien a n\u00e1silia na \u017een\u00e1ch a ocenila ich pr\u00e1cu a \u00fasilie. Odmietav\u00fd postoj k n\u00e1siliu [&hellip;]<\/p>\n","protected":false},"author":3,"featured_media":1286,"comment_status":"closed","ping_status":"closed","sticky":false,"template":"","format":"standard","meta":{"site-sidebar-layout":"default","site-content-layout":"default","ast-site-content-layout":"default","site-content-style":"default","site-sidebar-style":"default","ast-global-header-display":"","ast-banner-title-visibility":"","ast-main-header-display":"","ast-hfb-above-header-display":"","ast-hfb-below-header-display":"","ast-hfb-mobile-header-display":"","site-post-title":"","ast-breadcrumbs-content":"","ast-featured-img":"","footer-sml-layout":"","theme-transparent-header-meta":"default","adv-header-id-meta":"","stick-header-meta":"","header-above-stick-meta":"","header-main-stick-meta":"","header-below-stick-meta":"","astra-migrate-meta-layouts":"default","ast-page-background-enabled":"default","ast-page-background-meta":{"desktop":{"background-color":"var(--ast-global-color-4)","background-image":"","background-repeat":"repeat","background-position":"center center","background-size":"auto","background-attachment":"scroll","background-type":"","background-media":"","overlay-type":"","overlay-color":"","overlay-opacity":"","overlay-gradient":""},"tablet":{"background-color":"","background-image":"","background-repeat":"repeat","background-position":"center center","background-size":"auto","background-attachment":"scroll","background-type":"","background-media":"","overlay-type":"","overlay-color":"","overlay-opacity":"","overlay-gradient":""},"mobile":{"background-color":"","background-image":"","background-repeat":"repeat","background-position":"center center","background-size":"auto","background-attachment":"scroll","background-type":"","background-media":"","overlay-type":"","overlay-color":"","overlay-opacity":"","overlay-gradient":""}},"ast-content-background-meta":{"desktop":{"background-color":"var(--ast-global-color-5)","background-image":"","background-repeat":"repeat","background-position":"center center","background-size":"auto","background-attachment":"scroll","background-type":"","background-media":"","overlay-type":"","overlay-color":"","overlay-opacity":"","overlay-gradient":""},"tablet":{"background-color":"var(--ast-global-color-5)","background-image":"","background-repeat":"repeat","background-position":"center center","background-size":"auto","background-attachment":"scroll","background-type":"","background-media":"","overlay-type":"","overlay-color":"","overlay-opacity":"","overlay-gradient":""},"mobile":{"background-color":"var(--ast-global-color-5)","background-image":"","background-repeat":"repeat","background-position":"center center","background-size":"auto","background-attachment":"scroll","background-type":"","background-media":"","overlay-type":"","overlay-color":"","overlay-opacity":"","overlay-gradient":""}},"footnotes":""},"categories":[4],"tags":[],"class_list":["post-1299","post","type-post","status-publish","format-standard","has-post-thumbnail","hentry","category-novinky"],"yoast_head":"<!-- This site is optimized with the Yoast SEO plugin v26.0 - https:\/\/yoast.com\/wordpress\/plugins\/seo\/ -->\n<title>\u010cO SA UDIALO PO\u010cAS 16 DN\u00cd AKTIVIZMU 2019? - 16 Dn\u00ed Aktivizmu<\/title>\n<meta name=\"robots\" content=\"index, follow, max-snippet:-1, max-image-preview:large, max-video-preview:-1\" \/>\n<link rel=\"canonical\" href=\"https:\/\/www.fenestra.sk\/16-dni-aktivizmu\/co-sa-udialo-pocas-16dni-aktivizmu-2019\/\" \/>\n<meta property=\"og:locale\" content=\"sk_SK\" \/>\n<meta property=\"og:type\" content=\"article\" \/>\n<meta property=\"og:title\" content=\"\u010cO SA UDIALO PO\u010cAS 16 DN\u00cd AKTIVIZMU 2019? - 16 Dn\u00ed Aktivizmu\" \/>\n<meta property=\"og:description\" content=\"Po prv\u00fd kr\u00e1t v hist\u00f3rii Slovenska sa k Medzin\u00e1rodn\u00e9mu d\u0148u za odstr\u00e1nenie n\u00e1silia na \u017een\u00e1ch verejne vyjadrila hlava \u0161t\u00e1tu. Pani prezidentka v ten de\u0148 z\u00e1rove\u0148 v prezidentskom pal\u00e1ci so z\u00e1stupky\u0148ami viacer\u00fdch mimovl\u00e1dnych organiz\u00e1ci\u00ed, ktor\u00e9 dlhodobo pracuj\u00fa v oblasti \u013eudsk\u00fdch pr\u00e1v \u017eien a n\u00e1silia na \u017een\u00e1ch a ocenila ich pr\u00e1cu a \u00fasilie. Odmietav\u00fd postoj k n\u00e1siliu [&hellip;]\" \/>\n<meta property=\"og:url\" content=\"https:\/\/www.fenestra.sk\/16-dni-aktivizmu\/co-sa-udialo-pocas-16dni-aktivizmu-2019\/\" \/>\n<meta property=\"og:site_name\" content=\"16 Dn\u00ed Aktivizmu\" \/>\n<meta property=\"article:published_time\" content=\"2019-12-17T20:22:00+00:00\" \/>\n<meta property=\"article:modified_time\" content=\"2020-12-07T21:14:38+00:00\" \/>\n<meta property=\"og:image\" content=\"https:\/\/www.fenestra.sk\/16-dni-aktivizmu\/wp-content\/uploads\/2020\/11\/past_clanok.jpg\" \/>\n\t<meta property=\"og:image:width\" content=\"350\" \/>\n\t<meta property=\"og:image:height\" content=\"450\" \/>\n\t<meta property=\"og:image:type\" content=\"image\/jpeg\" \/>\n<meta name=\"author\" content=\"Fenestra\" \/>\n<meta name=\"twitter:card\" content=\"summary_large_image\" \/>\n<meta name=\"twitter:label1\" content=\"Autor\" \/>\n\t<meta name=\"twitter:data1\" content=\"Fenestra\" \/>\n\t<meta name=\"twitter:label2\" content=\"Predpokladan\u00fd \u010das \u010d\u00edtania\" \/>\n\t<meta name=\"twitter:data2\" content=\"3 min\u00faty\" \/>\n<script type=\"application\/ld+json\" class=\"yoast-schema-graph\">{\"@context\":\"https:\/\/schema.org\",\"@graph\":[{\"@type\":\"WebPage\",\"@id\":\"https:\/\/www.fenestra.sk\/16-dni-aktivizmu\/co-sa-udialo-pocas-16dni-aktivizmu-2019\/\",\"url\":\"https:\/\/www.fenestra.sk\/16-dni-aktivizmu\/co-sa-udialo-pocas-16dni-aktivizmu-2019\/\",\"name\":\"\u010cO SA UDIALO PO\u010cAS 16 DN\u00cd AKTIVIZMU 2019? - 16 Dn\u00ed Aktivizmu\",\"isPartOf\":{\"@id\":\"https:\/\/www.fenestra.sk\/16-dni-aktivizmu\/#website\"},\"primaryImageOfPage\":{\"@id\":\"https:\/\/www.fenestra.sk\/16-dni-aktivizmu\/co-sa-udialo-pocas-16dni-aktivizmu-2019\/#primaryimage\"},\"image\":{\"@id\":\"https:\/\/www.fenestra.sk\/16-dni-aktivizmu\/co-sa-udialo-pocas-16dni-aktivizmu-2019\/#primaryimage\"},\"thumbnailUrl\":\"https:\/\/www.fenestra.sk\/16-dni-aktivizmu\/wp-content\/uploads\/2020\/11\/past_clanok.jpg\",\"datePublished\":\"2019-12-17T20:22:00+00:00\",\"dateModified\":\"2020-12-07T21:14:38+00:00\",\"author\":{\"@id\":\"https:\/\/www.fenestra.sk\/16-dni-aktivizmu\/#\/schema\/person\/23ca30eb45db72c951ccda41d1696dbf\"},\"breadcrumb\":{\"@id\":\"https:\/\/www.fenestra.sk\/16-dni-aktivizmu\/co-sa-udialo-pocas-16dni-aktivizmu-2019\/#breadcrumb\"},\"inLanguage\":\"sk-SK\",\"potentialAction\":[{\"@type\":\"ReadAction\",\"target\":[\"https:\/\/www.fenestra.sk\/16-dni-aktivizmu\/co-sa-udialo-pocas-16dni-aktivizmu-2019\/\"]}]},{\"@type\":\"ImageObject\",\"inLanguage\":\"sk-SK\",\"@id\":\"https:\/\/www.fenestra.sk\/16-dni-aktivizmu\/co-sa-udialo-pocas-16dni-aktivizmu-2019\/#primaryimage\",\"url\":\"https:\/\/www.fenestra.sk\/16-dni-aktivizmu\/wp-content\/uploads\/2020\/11\/past_clanok.jpg\",\"contentUrl\":\"https:\/\/www.fenestra.sk\/16-dni-aktivizmu\/wp-content\/uploads\/2020\/11\/past_clanok.jpg\",\"width\":350,\"height\":450},{\"@type\":\"BreadcrumbList\",\"@id\":\"https:\/\/www.fenestra.sk\/16-dni-aktivizmu\/co-sa-udialo-pocas-16dni-aktivizmu-2019\/#breadcrumb\",\"itemListElement\":[{\"@type\":\"ListItem\",\"position\":1,\"name\":\"Domovsk\u00e1 str\u00e1nka\",\"item\":\"https:\/\/www.fenestra.sk\/16-dni-aktivizmu\/\"},{\"@type\":\"ListItem\",\"position\":2,\"name\":\"\u010cO SA UDIALO PO\u010cAS 16 DN\u00cd AKTIVIZMU 2019?\"}]},{\"@type\":\"WebSite\",\"@id\":\"https:\/\/www.fenestra.sk\/16-dni-aktivizmu\/#website\",\"url\":\"https:\/\/www.fenestra.sk\/16-dni-aktivizmu\/\",\"name\":\"16 Dn\u00ed Aktivizmu\",\"description\":\"\",\"potentialAction\":[{\"@type\":\"SearchAction\",\"target\":{\"@type\":\"EntryPoint\",\"urlTemplate\":\"https:\/\/www.fenestra.sk\/16-dni-aktivizmu\/?s={search_term_string}\"},\"query-input\":{\"@type\":\"PropertyValueSpecification\",\"valueRequired\":true,\"valueName\":\"search_term_string\"}}],\"inLanguage\":\"sk-SK\"},{\"@type\":\"Person\",\"@id\":\"https:\/\/www.fenestra.sk\/16-dni-aktivizmu\/#\/schema\/person\/23ca30eb45db72c951ccda41d1696dbf\",\"name\":\"Fenestra\",\"image\":{\"@type\":\"ImageObject\",\"inLanguage\":\"sk-SK\",\"@id\":\"https:\/\/www.fenestra.sk\/16-dni-aktivizmu\/#\/schema\/person\/image\/\",\"url\":\"https:\/\/secure.gravatar.com\/avatar\/2e37a2837649876f560daf22c87dfc92e49be3ebd47e972b8ee5299ee63cc1d5?s=96&d=mm&r=g\",\"contentUrl\":\"https:\/\/secure.gravatar.com\/avatar\/2e37a2837649876f560daf22c87dfc92e49be3ebd47e972b8ee5299ee63cc1d5?s=96&d=mm&r=g\",\"caption\":\"Fenestra\"},\"url\":\"https:\/\/www.fenestra.sk\/16-dni-aktivizmu\/author\/fenestra\/\"}]}<\/script>\n<!-- \/ Yoast SEO plugin. -->","yoast_head_json":{"title":"\u010cO SA UDIALO PO\u010cAS 16 DN\u00cd AKTIVIZMU 2019? - 16 Dn\u00ed Aktivizmu","robots":{"index":"index","follow":"follow","max-snippet":"max-snippet:-1","max-image-preview":"max-image-preview:large","max-video-preview":"max-video-preview:-1"},"canonical":"https:\/\/www.fenestra.sk\/16-dni-aktivizmu\/co-sa-udialo-pocas-16dni-aktivizmu-2019\/","og_locale":"sk_SK","og_type":"article","og_title":"\u010cO SA UDIALO PO\u010cAS 16 DN\u00cd AKTIVIZMU 2019? - 16 Dn\u00ed Aktivizmu","og_description":"Po prv\u00fd kr\u00e1t v hist\u00f3rii Slovenska sa k Medzin\u00e1rodn\u00e9mu d\u0148u za odstr\u00e1nenie n\u00e1silia na \u017een\u00e1ch verejne vyjadrila hlava \u0161t\u00e1tu. Pani prezidentka v ten de\u0148 z\u00e1rove\u0148 v prezidentskom pal\u00e1ci so z\u00e1stupky\u0148ami viacer\u00fdch mimovl\u00e1dnych organiz\u00e1ci\u00ed, ktor\u00e9 dlhodobo pracuj\u00fa v oblasti \u013eudsk\u00fdch pr\u00e1v \u017eien a n\u00e1silia na \u017een\u00e1ch a ocenila ich pr\u00e1cu a \u00fasilie. Odmietav\u00fd postoj k n\u00e1siliu [&hellip;]","og_url":"https:\/\/www.fenestra.sk\/16-dni-aktivizmu\/co-sa-udialo-pocas-16dni-aktivizmu-2019\/","og_site_name":"16 Dn\u00ed Aktivizmu","article_published_time":"2019-12-17T20:22:00+00:00","article_modified_time":"2020-12-07T21:14:38+00:00","og_image":[{"width":350,"height":450,"url":"https:\/\/www.fenestra.sk\/16-dni-aktivizmu\/wp-content\/uploads\/2020\/11\/past_clanok.jpg","type":"image\/jpeg"}],"author":"Fenestra","twitter_card":"summary_large_image","twitter_misc":{"Autor":"Fenestra","Predpokladan\u00fd \u010das \u010d\u00edtania":"3 min\u00faty"},"schema":{"@context":"https:\/\/schema.org","@graph":[{"@type":"WebPage","@id":"https:\/\/www.fenestra.sk\/16-dni-aktivizmu\/co-sa-udialo-pocas-16dni-aktivizmu-2019\/","url":"https:\/\/www.fenestra.sk\/16-dni-aktivizmu\/co-sa-udialo-pocas-16dni-aktivizmu-2019\/","name":"\u010cO SA UDIALO PO\u010cAS 16 DN\u00cd AKTIVIZMU 2019? - 16 Dn\u00ed Aktivizmu","isPartOf":{"@id":"https:\/\/www.fenestra.sk\/16-dni-aktivizmu\/#website"},"primaryImageOfPage":{"@id":"https:\/\/www.fenestra.sk\/16-dni-aktivizmu\/co-sa-udialo-pocas-16dni-aktivizmu-2019\/#primaryimage"},"image":{"@id":"https:\/\/www.fenestra.sk\/16-dni-aktivizmu\/co-sa-udialo-pocas-16dni-aktivizmu-2019\/#primaryimage"},"thumbnailUrl":"https:\/\/www.fenestra.sk\/16-dni-aktivizmu\/wp-content\/uploads\/2020\/11\/past_clanok.jpg","datePublished":"2019-12-17T20:22:00+00:00","dateModified":"2020-12-07T21:14:38+00:00","author":{"@id":"https:\/\/www.fenestra.sk\/16-dni-aktivizmu\/#\/schema\/person\/23ca30eb45db72c951ccda41d1696dbf"},"breadcrumb":{"@id":"https:\/\/www.fenestra.sk\/16-dni-aktivizmu\/co-sa-udialo-pocas-16dni-aktivizmu-2019\/#breadcrumb"},"inLanguage":"sk-SK","potentialAction":[{"@type":"ReadAction","target":["https:\/\/www.fenestra.sk\/16-dni-aktivizmu\/co-sa-udialo-pocas-16dni-aktivizmu-2019\/"]}]},{"@type":"ImageObject","inLanguage":"sk-SK","@id":"https:\/\/www.fenestra.sk\/16-dni-aktivizmu\/co-sa-udialo-pocas-16dni-aktivizmu-2019\/#primaryimage","url":"https:\/\/www.fenestra.sk\/16-dni-aktivizmu\/wp-content\/uploads\/2020\/11\/past_clanok.jpg","contentUrl":"https:\/\/www.fenestra.sk\/16-dni-aktivizmu\/wp-content\/uploads\/2020\/11\/past_clanok.jpg","width":350,"height":450},{"@type":"BreadcrumbList","@id":"https:\/\/www.fenestra.sk\/16-dni-aktivizmu\/co-sa-udialo-pocas-16dni-aktivizmu-2019\/#breadcrumb","itemListElement":[{"@type":"ListItem","position":1,"name":"Domovsk\u00e1 str\u00e1nka","item":"https:\/\/www.fenestra.sk\/16-dni-aktivizmu\/"},{"@type":"ListItem","position":2,"name":"\u010cO SA UDIALO PO\u010cAS 16 DN\u00cd AKTIVIZMU 2019?"}]},{"@type":"WebSite","@id":"https:\/\/www.fenestra.sk\/16-dni-aktivizmu\/#website","url":"https:\/\/www.fenestra.sk\/16-dni-aktivizmu\/","name":"16 Dn\u00ed Aktivizmu","description":"","potentialAction":[{"@type":"SearchAction","target":{"@type":"EntryPoint","urlTemplate":"https:\/\/www.fenestra.sk\/16-dni-aktivizmu\/?s={search_term_string}"},"query-input":{"@type":"PropertyValueSpecification","valueRequired":true,"valueName":"search_term_string"}}],"inLanguage":"sk-SK"},{"@type":"Person","@id":"https:\/\/www.fenestra.sk\/16-dni-aktivizmu\/#\/schema\/person\/23ca30eb45db72c951ccda41d1696dbf","name":"Fenestra","image":{"@type":"ImageObject","inLanguage":"sk-SK","@id":"https:\/\/www.fenestra.sk\/16-dni-aktivizmu\/#\/schema\/person\/image\/","url":"https:\/\/secure.gravatar.com\/avatar\/2e37a2837649876f560daf22c87dfc92e49be3ebd47e972b8ee5299ee63cc1d5?s=96&d=mm&r=g","contentUrl":"https:\/\/secure.gravatar.com\/avatar\/2e37a2837649876f560daf22c87dfc92e49be3ebd47e972b8ee5299ee63cc1d5?s=96&d=mm&r=g","caption":"Fenestra"},"url":"https:\/\/www.fenestra.sk\/16-dni-aktivizmu\/author\/fenestra\/"}]}},"_links":{"self":[{"href":"https:\/\/www.fenestra.sk\/16-dni-aktivizmu\/wp-json\/wp\/v2\/posts\/1299","targetHints":{"allow":["GET"]}}],"collection":[{"href":"https:\/\/www.fenestra.sk\/16-dni-aktivizmu\/wp-json\/wp\/v2\/posts"}],"about":[{"href":"https:\/\/www.fenestra.sk\/16-dni-aktivizmu\/wp-json\/wp\/v2\/types\/post"}],"author":[{"embeddable":true,"href":"https:\/\/www.fenestra.sk\/16-dni-aktivizmu\/wp-json\/wp\/v2\/users\/3"}],"replies":[{"embeddable":true,"href":"https:\/\/www.fenestra.sk\/16-dni-aktivizmu\/wp-json\/wp\/v2\/comments?post=1299"}],"version-history":[{"count":21,"href":"https:\/\/www.fenestra.sk\/16-dni-aktivizmu\/wp-json\/wp\/v2\/posts\/1299\/revisions"}],"predecessor-version":[{"id":1322,"href":"https:\/\/www.fenestra.sk\/16-dni-aktivizmu\/wp-json\/wp\/v2\/posts\/1299\/revisions\/1322"}],"wp:featuredmedia":[{"embeddable":true,"href":"https:\/\/www.fenestra.sk\/16-dni-aktivizmu\/wp-json\/wp\/v2\/media\/1286"}],"wp:attachment":[{"href":"https:\/\/www.fenestra.sk\/16-dni-aktivizmu\/wp-json\/wp\/v2\/media?parent=1299"}],"wp:term":[{"taxonomy":"category","embeddable":true,"href":"https:\/\/www.fenestra.sk\/16-dni-aktivizmu\/wp-json\/wp\/v2\/categories?post=1299"},{"taxonomy":"post_tag","embeddable":true,"href":"https:\/\/www.fenestra.sk\/16-dni-aktivizmu\/wp-json\/wp\/v2\/tags?post=1299"}],"curies":[{"name":"wp","href":"https:\/\/api.w.org\/{rel}","templated":true}]}}