{"id":1285,"date":"2019-12-20T20:54:00","date_gmt":"2019-12-20T19:54:00","guid":{"rendered":"https:\/\/www.fenestra.sk\/16-dni-aktivizmu\/?p=1285"},"modified":"2020-11-29T21:09:46","modified_gmt":"2020-11-29T20:09:46","slug":"video-z-kampane-16dni-aktivizmu-kosicie-2019","status":"publish","type":"post","link":"https:\/\/www.fenestra.sk\/16-dni-aktivizmu\/video-z-kampane-16dni-aktivizmu-kosicie-2019\/","title":{"rendered":"POZRITE SI KR\u00c1TKE VIDEO Z AKTIV\u00cdT KAMPANE 16 DN\u00cd AKTIVIZMU V KO\u0160ICIACH"},"content":{"rendered":"\n<p class=\"has-medium-font-size\">U\u017e tradi\u010dne v Ko\u0161iciach \u013eudia symbolicky vyp\u00edskali n\u00e1silie na \u017een\u00e1ch z na\u0161ej spolo\u010dnosti v r\u00e1mci verejn\u00e9ho zhroma\u017edenia &#8222;Vyp\u00edskajme n\u00e1silie&#8220;. Na Hlavnej ulici si mohli pozrie\u0165 v\u00fdstavu &#8222;Uml\u010dan\u00e9 svedkyne&#8220;, ktor\u00e1 upozor\u0148uje na najz\u00e1va\u017enej\u0161\u00ed dopad n\u00e1silia na \u017een\u00e1ch, a to vra\u017edy \u017eien v d\u00f4sledku n\u00e1silia. V\u00fdstava prin\u00e1\u0161a na \u010derven\u00fdch figur\u00ednach pr\u00edbehy konkr\u00e9tnych slovensk\u00fdch \u017eien, ktor\u00e9 zabil alebo zavra\u017edil ich s\u00fa\u010dasn\u00fd alebo b\u00fdval\u00fd partner. Niektor\u00ed \u013eudia zap\u00e1lili na pamiatku ich straten\u00fdch \u017eivotov svie\u010dku, in\u00ed zanechali odkaz v kronike k v\u00fdstave.&nbsp;<\/p>\n\n\n\n<div style=\"height:40px\" aria-hidden=\"true\" class=\"wp-block-spacer\"><\/div>\n\n\n\n<p class=\"has-medium-font-size\">V\u00fdstavu mali mo\u017enos\u0165 vidie\u0165 aj mlad\u00ed \u013eudia zo stredn\u00fdch \u0161k\u00f4l v Ko\u0161ickom kraji, pre ktor\u00fdch boli ur\u010den\u00e9 interakt\u00edvne diskusie na t\u00e9mu &#8222;dating violence&#8220; teda n\u00e1silia vo vz\u0165ahoch mlad\u00fdch \u013eud\u00ed. Mali mo\u017enos\u0165 sa rozpr\u00e1va\u0165 o tom, ak\u00fd je rozdiel medzi zdrav\u00fdm, nezdrav\u00fdm a n\u00e1siln\u00fdm vz\u0165ahom a \u010do pre nich znamen\u00e1 vo vz\u0165ahu re\u0161pekt.\u00a0<\/p>\n\n\n\n<div style=\"height:40px\" aria-hidden=\"true\" class=\"wp-block-spacer\"><\/div>\n\n\n\n<p class=\"has-medium-font-size\">Aktivity boli aj pre odborn\u00fa verejnos\u0165 &#8211; \u013eud\u00ed z r\u00f4znych in\u0161tit\u00faci\u00ed, ktor\u00e9 sa podie\u013eaj\u00fa na rie\u0161en\u00ed pr\u00edpadov n\u00e1silia na \u017een\u00e1ch v partnersk\u00fdch vz\u0165ahoch a ich de\u0165och a prich\u00e1dzaj\u00fa so \u017eenami a de\u0165mi do kontaktu. Pracovn\u00ed\u010dky oddelen\u00ed soci\u00e1lno-pr\u00e1vnej ochrany sa z\u00fa\u010dastnili workshopu k ochrane det\u00ed \u017eien za\u017e\u00edvaj\u00facich n\u00e1silie a stretli sa aj \u010dlenky a \u010dlenovia troch pracovn\u00fdch skup\u00edn v kraji, ktor\u00fdch cie\u013eom je rozv\u00edja\u0165 spolupr\u00e1cu medzi mimovl\u00e1dnymi organiz\u00e1ciami a in\u0161tit\u00faciami v oblasti ochrany a pomoci pre \u017eeny za\u017e\u00edvaj\u00face n\u00e1silie a ich deti.&nbsp;<\/p>\n\n\n\n<div style=\"height:40px\" aria-hidden=\"true\" class=\"wp-block-spacer\"><\/div>\n\n\n\n<p class=\"has-medium-font-size\">Aktivity v Ko\u0161iciach aj tohto roku pripravila mimovl\u00e1dna organiz\u00e1cia&nbsp;<a href=\"https:\/\/fenestra.sk\/\" target=\"_blank\" rel=\"noreferrer noopener\">Fenestra<\/a>.<\/p>\n\n\n\n<div style=\"height:40px\" aria-hidden=\"true\" class=\"wp-block-spacer\"><\/div>\n\n\n\n<figure class=\"wp-block-embed-youtube wp-block-embed is-type-video is-provider-youtube wp-embed-aspect-16-9 wp-has-aspect-ratio\"><div class=\"wp-block-embed__wrapper\">\n<div class=\"ast-oembed-container \" style=\"height: 100%;\"><iframe title=\"Kampa\u0148 16 dn\u00ed aktivizmu proti n\u00e1siliu p\u00e1chan\u00e9mu na \u017een\u00e1ch 2019\" width=\"500\" height=\"281\" src=\"https:\/\/www.youtube.com\/embed\/h34K4VF5mu4?feature=oembed\" frameborder=\"0\" allow=\"accelerometer; autoplay; clipboard-write; encrypted-media; gyroscope; picture-in-picture; web-share\" referrerpolicy=\"strict-origin-when-cross-origin\" allowfullscreen><\/iframe><\/div>\n<\/div><\/figure>\n\n\n\n<div style=\"height:40px\" aria-hidden=\"true\" class=\"wp-block-spacer\"><\/div>\n","protected":false},"excerpt":{"rendered":"<p>U\u017e tradi\u010dne v Ko\u0161iciach \u013eudia symbolicky vyp\u00edskali n\u00e1silie na \u017een\u00e1ch z na\u0161ej spolo\u010dnosti v r\u00e1mci verejn\u00e9ho zhroma\u017edenia &#8222;Vyp\u00edskajme n\u00e1silie&#8220;. Na Hlavnej ulici si mohli pozrie\u0165 v\u00fdstavu &#8222;Uml\u010dan\u00e9 svedkyne&#8220;, ktor\u00e1 upozor\u0148uje na najz\u00e1va\u017enej\u0161\u00ed dopad n\u00e1silia na \u017een\u00e1ch, a to vra\u017edy \u017eien v d\u00f4sledku n\u00e1silia. V\u00fdstava prin\u00e1\u0161a na \u010derven\u00fdch figur\u00ednach pr\u00edbehy konkr\u00e9tnych slovensk\u00fdch \u017eien, ktor\u00e9 zabil alebo [&hellip;]<\/p>\n","protected":false},"author":3,"featured_media":1290,"comment_status":"closed","ping_status":"closed","sticky":false,"template":"","format":"standard","meta":{"site-sidebar-layout":"default","site-content-layout":"default","ast-site-content-layout":"default","site-content-style":"default","site-sidebar-style":"default","ast-global-header-display":"","ast-banner-title-visibility":"","ast-main-header-display":"","ast-hfb-above-header-display":"","ast-hfb-below-header-display":"","ast-hfb-mobile-header-display":"","site-post-title":"","ast-breadcrumbs-content":"","ast-featured-img":"","footer-sml-layout":"","theme-transparent-header-meta":"default","adv-header-id-meta":"","stick-header-meta":"","header-above-stick-meta":"","header-main-stick-meta":"","header-below-stick-meta":"","astra-migrate-meta-layouts":"default","ast-page-background-enabled":"default","ast-page-background-meta":{"desktop":{"background-color":"var(--ast-global-color-4)","background-image":"","background-repeat":"repeat","background-position":"center center","background-size":"auto","background-attachment":"scroll","background-type":"","background-media":"","overlay-type":"","overlay-color":"","overlay-opacity":"","overlay-gradient":""},"tablet":{"background-color":"","background-image":"","background-repeat":"repeat","background-position":"center center","background-size":"auto","background-attachment":"scroll","background-type":"","background-media":"","overlay-type":"","overlay-color":"","overlay-opacity":"","overlay-gradient":""},"mobile":{"background-color":"","background-image":"","background-repeat":"repeat","background-position":"center center","background-size":"auto","background-attachment":"scroll","background-type":"","background-media":"","overlay-type":"","overlay-color":"","overlay-opacity":"","overlay-gradient":""}},"ast-content-background-meta":{"desktop":{"background-color":"var(--ast-global-color-5)","background-image":"","background-repeat":"repeat","background-position":"center center","background-size":"auto","background-attachment":"scroll","background-type":"","background-media":"","overlay-type":"","overlay-color":"","overlay-opacity":"","overlay-gradient":""},"tablet":{"background-color":"var(--ast-global-color-5)","background-image":"","background-repeat":"repeat","background-position":"center center","background-size":"auto","background-attachment":"scroll","background-type":"","background-media":"","overlay-type":"","overlay-color":"","overlay-opacity":"","overlay-gradient":""},"mobile":{"background-color":"var(--ast-global-color-5)","background-image":"","background-repeat":"repeat","background-position":"center center","background-size":"auto","background-attachment":"scroll","background-type":"","background-media":"","overlay-type":"","overlay-color":"","overlay-opacity":"","overlay-gradient":""}},"footnotes":""},"categories":[4],"tags":[],"class_list":["post-1285","post","type-post","status-publish","format-standard","has-post-thumbnail","hentry","category-novinky"],"yoast_head":"<!-- This site is optimized with the Yoast SEO plugin v26.0 - https:\/\/yoast.com\/wordpress\/plugins\/seo\/ -->\n<title>POZRITE SI KR\u00c1TKE VIDEO Z AKTIV\u00cdT KAMPANE 16 DN\u00cd AKTIVIZMU V KO\u0160ICIACH - 16 Dn\u00ed Aktivizmu<\/title>\n<meta name=\"robots\" content=\"index, follow, max-snippet:-1, max-image-preview:large, max-video-preview:-1\" \/>\n<link rel=\"canonical\" href=\"https:\/\/www.fenestra.sk\/16-dni-aktivizmu\/video-z-kampane-16dni-aktivizmu-kosicie-2019\/\" \/>\n<meta property=\"og:locale\" content=\"sk_SK\" \/>\n<meta property=\"og:type\" content=\"article\" \/>\n<meta property=\"og:title\" content=\"POZRITE SI KR\u00c1TKE VIDEO Z AKTIV\u00cdT KAMPANE 16 DN\u00cd AKTIVIZMU V KO\u0160ICIACH - 16 Dn\u00ed Aktivizmu\" \/>\n<meta property=\"og:description\" content=\"U\u017e tradi\u010dne v Ko\u0161iciach \u013eudia symbolicky vyp\u00edskali n\u00e1silie na \u017een\u00e1ch z na\u0161ej spolo\u010dnosti v r\u00e1mci verejn\u00e9ho zhroma\u017edenia &#8222;Vyp\u00edskajme n\u00e1silie&#8220;. Na Hlavnej ulici si mohli pozrie\u0165 v\u00fdstavu &#8222;Uml\u010dan\u00e9 svedkyne&#8220;, ktor\u00e1 upozor\u0148uje na najz\u00e1va\u017enej\u0161\u00ed dopad n\u00e1silia na \u017een\u00e1ch, a to vra\u017edy \u017eien v d\u00f4sledku n\u00e1silia. V\u00fdstava prin\u00e1\u0161a na \u010derven\u00fdch figur\u00ednach pr\u00edbehy konkr\u00e9tnych slovensk\u00fdch \u017eien, ktor\u00e9 zabil alebo [&hellip;]\" \/>\n<meta property=\"og:url\" content=\"https:\/\/www.fenestra.sk\/16-dni-aktivizmu\/video-z-kampane-16dni-aktivizmu-kosicie-2019\/\" \/>\n<meta property=\"og:site_name\" content=\"16 Dn\u00ed Aktivizmu\" \/>\n<meta property=\"article:published_time\" content=\"2019-12-20T19:54:00+00:00\" \/>\n<meta property=\"article:modified_time\" content=\"2020-11-29T20:09:46+00:00\" \/>\n<meta property=\"og:image\" content=\"https:\/\/www.fenestra.sk\/16-dni-aktivizmu\/wp-content\/uploads\/2020\/11\/16DA2019_clanok-e1606680208550.jpg\" \/>\n\t<meta property=\"og:image:width\" content=\"420\" \/>\n\t<meta property=\"og:image:height\" content=\"520\" \/>\n\t<meta property=\"og:image:type\" content=\"image\/jpeg\" \/>\n<meta name=\"author\" content=\"Fenestra\" \/>\n<meta name=\"twitter:card\" content=\"summary_large_image\" \/>\n<meta name=\"twitter:label1\" content=\"Autor\" \/>\n\t<meta name=\"twitter:data1\" content=\"Fenestra\" \/>\n\t<meta name=\"twitter:label2\" content=\"Predpokladan\u00fd \u010das \u010d\u00edtania\" \/>\n\t<meta name=\"twitter:data2\" content=\"2 min\u00faty\" \/>\n<script type=\"application\/ld+json\" class=\"yoast-schema-graph\">{\"@context\":\"https:\/\/schema.org\",\"@graph\":[{\"@type\":\"WebPage\",\"@id\":\"https:\/\/www.fenestra.sk\/16-dni-aktivizmu\/video-z-kampane-16dni-aktivizmu-kosicie-2019\/\",\"url\":\"https:\/\/www.fenestra.sk\/16-dni-aktivizmu\/video-z-kampane-16dni-aktivizmu-kosicie-2019\/\",\"name\":\"POZRITE SI KR\u00c1TKE VIDEO Z AKTIV\u00cdT KAMPANE 16 DN\u00cd AKTIVIZMU V KO\u0160ICIACH - 16 Dn\u00ed Aktivizmu\",\"isPartOf\":{\"@id\":\"https:\/\/www.fenestra.sk\/16-dni-aktivizmu\/#website\"},\"primaryImageOfPage\":{\"@id\":\"https:\/\/www.fenestra.sk\/16-dni-aktivizmu\/video-z-kampane-16dni-aktivizmu-kosicie-2019\/#primaryimage\"},\"image\":{\"@id\":\"https:\/\/www.fenestra.sk\/16-dni-aktivizmu\/video-z-kampane-16dni-aktivizmu-kosicie-2019\/#primaryimage\"},\"thumbnailUrl\":\"https:\/\/www.fenestra.sk\/16-dni-aktivizmu\/wp-content\/uploads\/2020\/11\/16DA2019_clanok-e1606680208550.jpg\",\"datePublished\":\"2019-12-20T19:54:00+00:00\",\"dateModified\":\"2020-11-29T20:09:46+00:00\",\"author\":{\"@id\":\"https:\/\/www.fenestra.sk\/16-dni-aktivizmu\/#\/schema\/person\/23ca30eb45db72c951ccda41d1696dbf\"},\"breadcrumb\":{\"@id\":\"https:\/\/www.fenestra.sk\/16-dni-aktivizmu\/video-z-kampane-16dni-aktivizmu-kosicie-2019\/#breadcrumb\"},\"inLanguage\":\"sk-SK\",\"potentialAction\":[{\"@type\":\"ReadAction\",\"target\":[\"https:\/\/www.fenestra.sk\/16-dni-aktivizmu\/video-z-kampane-16dni-aktivizmu-kosicie-2019\/\"]}]},{\"@type\":\"ImageObject\",\"inLanguage\":\"sk-SK\",\"@id\":\"https:\/\/www.fenestra.sk\/16-dni-aktivizmu\/video-z-kampane-16dni-aktivizmu-kosicie-2019\/#primaryimage\",\"url\":\"https:\/\/www.fenestra.sk\/16-dni-aktivizmu\/wp-content\/uploads\/2020\/11\/16DA2019_clanok-e1606680208550.jpg\",\"contentUrl\":\"https:\/\/www.fenestra.sk\/16-dni-aktivizmu\/wp-content\/uploads\/2020\/11\/16DA2019_clanok-e1606680208550.jpg\",\"width\":420,\"height\":520},{\"@type\":\"BreadcrumbList\",\"@id\":\"https:\/\/www.fenestra.sk\/16-dni-aktivizmu\/video-z-kampane-16dni-aktivizmu-kosicie-2019\/#breadcrumb\",\"itemListElement\":[{\"@type\":\"ListItem\",\"position\":1,\"name\":\"Domovsk\u00e1 str\u00e1nka\",\"item\":\"https:\/\/www.fenestra.sk\/16-dni-aktivizmu\/\"},{\"@type\":\"ListItem\",\"position\":2,\"name\":\"POZRITE SI KR\u00c1TKE VIDEO Z AKTIV\u00cdT KAMPANE 16 DN\u00cd AKTIVIZMU V KO\u0160ICIACH\"}]},{\"@type\":\"WebSite\",\"@id\":\"https:\/\/www.fenestra.sk\/16-dni-aktivizmu\/#website\",\"url\":\"https:\/\/www.fenestra.sk\/16-dni-aktivizmu\/\",\"name\":\"16 Dn\u00ed Aktivizmu\",\"description\":\"\",\"potentialAction\":[{\"@type\":\"SearchAction\",\"target\":{\"@type\":\"EntryPoint\",\"urlTemplate\":\"https:\/\/www.fenestra.sk\/16-dni-aktivizmu\/?s={search_term_string}\"},\"query-input\":{\"@type\":\"PropertyValueSpecification\",\"valueRequired\":true,\"valueName\":\"search_term_string\"}}],\"inLanguage\":\"sk-SK\"},{\"@type\":\"Person\",\"@id\":\"https:\/\/www.fenestra.sk\/16-dni-aktivizmu\/#\/schema\/person\/23ca30eb45db72c951ccda41d1696dbf\",\"name\":\"Fenestra\",\"image\":{\"@type\":\"ImageObject\",\"inLanguage\":\"sk-SK\",\"@id\":\"https:\/\/www.fenestra.sk\/16-dni-aktivizmu\/#\/schema\/person\/image\/\",\"url\":\"https:\/\/secure.gravatar.com\/avatar\/2e37a2837649876f560daf22c87dfc92e49be3ebd47e972b8ee5299ee63cc1d5?s=96&d=mm&r=g\",\"contentUrl\":\"https:\/\/secure.gravatar.com\/avatar\/2e37a2837649876f560daf22c87dfc92e49be3ebd47e972b8ee5299ee63cc1d5?s=96&d=mm&r=g\",\"caption\":\"Fenestra\"},\"url\":\"https:\/\/www.fenestra.sk\/16-dni-aktivizmu\/author\/fenestra\/\"}]}<\/script>\n<!-- \/ Yoast SEO plugin. -->","yoast_head_json":{"title":"POZRITE SI KR\u00c1TKE VIDEO Z AKTIV\u00cdT KAMPANE 16 DN\u00cd AKTIVIZMU V KO\u0160ICIACH - 16 Dn\u00ed Aktivizmu","robots":{"index":"index","follow":"follow","max-snippet":"max-snippet:-1","max-image-preview":"max-image-preview:large","max-video-preview":"max-video-preview:-1"},"canonical":"https:\/\/www.fenestra.sk\/16-dni-aktivizmu\/video-z-kampane-16dni-aktivizmu-kosicie-2019\/","og_locale":"sk_SK","og_type":"article","og_title":"POZRITE SI KR\u00c1TKE VIDEO Z AKTIV\u00cdT KAMPANE 16 DN\u00cd AKTIVIZMU V KO\u0160ICIACH - 16 Dn\u00ed Aktivizmu","og_description":"U\u017e tradi\u010dne v Ko\u0161iciach \u013eudia symbolicky vyp\u00edskali n\u00e1silie na \u017een\u00e1ch z na\u0161ej spolo\u010dnosti v r\u00e1mci verejn\u00e9ho zhroma\u017edenia &#8222;Vyp\u00edskajme n\u00e1silie&#8220;. Na Hlavnej ulici si mohli pozrie\u0165 v\u00fdstavu &#8222;Uml\u010dan\u00e9 svedkyne&#8220;, ktor\u00e1 upozor\u0148uje na najz\u00e1va\u017enej\u0161\u00ed dopad n\u00e1silia na \u017een\u00e1ch, a to vra\u017edy \u017eien v d\u00f4sledku n\u00e1silia. V\u00fdstava prin\u00e1\u0161a na \u010derven\u00fdch figur\u00ednach pr\u00edbehy konkr\u00e9tnych slovensk\u00fdch \u017eien, ktor\u00e9 zabil alebo [&hellip;]","og_url":"https:\/\/www.fenestra.sk\/16-dni-aktivizmu\/video-z-kampane-16dni-aktivizmu-kosicie-2019\/","og_site_name":"16 Dn\u00ed Aktivizmu","article_published_time":"2019-12-20T19:54:00+00:00","article_modified_time":"2020-11-29T20:09:46+00:00","og_image":[{"width":420,"height":520,"url":"https:\/\/www.fenestra.sk\/16-dni-aktivizmu\/wp-content\/uploads\/2020\/11\/16DA2019_clanok-e1606680208550.jpg","type":"image\/jpeg"}],"author":"Fenestra","twitter_card":"summary_large_image","twitter_misc":{"Autor":"Fenestra","Predpokladan\u00fd \u010das \u010d\u00edtania":"2 min\u00faty"},"schema":{"@context":"https:\/\/schema.org","@graph":[{"@type":"WebPage","@id":"https:\/\/www.fenestra.sk\/16-dni-aktivizmu\/video-z-kampane-16dni-aktivizmu-kosicie-2019\/","url":"https:\/\/www.fenestra.sk\/16-dni-aktivizmu\/video-z-kampane-16dni-aktivizmu-kosicie-2019\/","name":"POZRITE SI KR\u00c1TKE VIDEO Z AKTIV\u00cdT KAMPANE 16 DN\u00cd AKTIVIZMU V KO\u0160ICIACH - 16 Dn\u00ed Aktivizmu","isPartOf":{"@id":"https:\/\/www.fenestra.sk\/16-dni-aktivizmu\/#website"},"primaryImageOfPage":{"@id":"https:\/\/www.fenestra.sk\/16-dni-aktivizmu\/video-z-kampane-16dni-aktivizmu-kosicie-2019\/#primaryimage"},"image":{"@id":"https:\/\/www.fenestra.sk\/16-dni-aktivizmu\/video-z-kampane-16dni-aktivizmu-kosicie-2019\/#primaryimage"},"thumbnailUrl":"https:\/\/www.fenestra.sk\/16-dni-aktivizmu\/wp-content\/uploads\/2020\/11\/16DA2019_clanok-e1606680208550.jpg","datePublished":"2019-12-20T19:54:00+00:00","dateModified":"2020-11-29T20:09:46+00:00","author":{"@id":"https:\/\/www.fenestra.sk\/16-dni-aktivizmu\/#\/schema\/person\/23ca30eb45db72c951ccda41d1696dbf"},"breadcrumb":{"@id":"https:\/\/www.fenestra.sk\/16-dni-aktivizmu\/video-z-kampane-16dni-aktivizmu-kosicie-2019\/#breadcrumb"},"inLanguage":"sk-SK","potentialAction":[{"@type":"ReadAction","target":["https:\/\/www.fenestra.sk\/16-dni-aktivizmu\/video-z-kampane-16dni-aktivizmu-kosicie-2019\/"]}]},{"@type":"ImageObject","inLanguage":"sk-SK","@id":"https:\/\/www.fenestra.sk\/16-dni-aktivizmu\/video-z-kampane-16dni-aktivizmu-kosicie-2019\/#primaryimage","url":"https:\/\/www.fenestra.sk\/16-dni-aktivizmu\/wp-content\/uploads\/2020\/11\/16DA2019_clanok-e1606680208550.jpg","contentUrl":"https:\/\/www.fenestra.sk\/16-dni-aktivizmu\/wp-content\/uploads\/2020\/11\/16DA2019_clanok-e1606680208550.jpg","width":420,"height":520},{"@type":"BreadcrumbList","@id":"https:\/\/www.fenestra.sk\/16-dni-aktivizmu\/video-z-kampane-16dni-aktivizmu-kosicie-2019\/#breadcrumb","itemListElement":[{"@type":"ListItem","position":1,"name":"Domovsk\u00e1 str\u00e1nka","item":"https:\/\/www.fenestra.sk\/16-dni-aktivizmu\/"},{"@type":"ListItem","position":2,"name":"POZRITE SI KR\u00c1TKE VIDEO Z AKTIV\u00cdT KAMPANE 16 DN\u00cd AKTIVIZMU V KO\u0160ICIACH"}]},{"@type":"WebSite","@id":"https:\/\/www.fenestra.sk\/16-dni-aktivizmu\/#website","url":"https:\/\/www.fenestra.sk\/16-dni-aktivizmu\/","name":"16 Dn\u00ed Aktivizmu","description":"","potentialAction":[{"@type":"SearchAction","target":{"@type":"EntryPoint","urlTemplate":"https:\/\/www.fenestra.sk\/16-dni-aktivizmu\/?s={search_term_string}"},"query-input":{"@type":"PropertyValueSpecification","valueRequired":true,"valueName":"search_term_string"}}],"inLanguage":"sk-SK"},{"@type":"Person","@id":"https:\/\/www.fenestra.sk\/16-dni-aktivizmu\/#\/schema\/person\/23ca30eb45db72c951ccda41d1696dbf","name":"Fenestra","image":{"@type":"ImageObject","inLanguage":"sk-SK","@id":"https:\/\/www.fenestra.sk\/16-dni-aktivizmu\/#\/schema\/person\/image\/","url":"https:\/\/secure.gravatar.com\/avatar\/2e37a2837649876f560daf22c87dfc92e49be3ebd47e972b8ee5299ee63cc1d5?s=96&d=mm&r=g","contentUrl":"https:\/\/secure.gravatar.com\/avatar\/2e37a2837649876f560daf22c87dfc92e49be3ebd47e972b8ee5299ee63cc1d5?s=96&d=mm&r=g","caption":"Fenestra"},"url":"https:\/\/www.fenestra.sk\/16-dni-aktivizmu\/author\/fenestra\/"}]}},"_links":{"self":[{"href":"https:\/\/www.fenestra.sk\/16-dni-aktivizmu\/wp-json\/wp\/v2\/posts\/1285","targetHints":{"allow":["GET"]}}],"collection":[{"href":"https:\/\/www.fenestra.sk\/16-dni-aktivizmu\/wp-json\/wp\/v2\/posts"}],"about":[{"href":"https:\/\/www.fenestra.sk\/16-dni-aktivizmu\/wp-json\/wp\/v2\/types\/post"}],"author":[{"embeddable":true,"href":"https:\/\/www.fenestra.sk\/16-dni-aktivizmu\/wp-json\/wp\/v2\/users\/3"}],"replies":[{"embeddable":true,"href":"https:\/\/www.fenestra.sk\/16-dni-aktivizmu\/wp-json\/wp\/v2\/comments?post=1285"}],"version-history":[{"count":7,"href":"https:\/\/www.fenestra.sk\/16-dni-aktivizmu\/wp-json\/wp\/v2\/posts\/1285\/revisions"}],"predecessor-version":[{"id":1297,"href":"https:\/\/www.fenestra.sk\/16-dni-aktivizmu\/wp-json\/wp\/v2\/posts\/1285\/revisions\/1297"}],"wp:featuredmedia":[{"embeddable":true,"href":"https:\/\/www.fenestra.sk\/16-dni-aktivizmu\/wp-json\/wp\/v2\/media\/1290"}],"wp:attachment":[{"href":"https:\/\/www.fenestra.sk\/16-dni-aktivizmu\/wp-json\/wp\/v2\/media?parent=1285"}],"wp:term":[{"taxonomy":"category","embeddable":true,"href":"https:\/\/www.fenestra.sk\/16-dni-aktivizmu\/wp-json\/wp\/v2\/categories?post=1285"},{"taxonomy":"post_tag","embeddable":true,"href":"https:\/\/www.fenestra.sk\/16-dni-aktivizmu\/wp-json\/wp\/v2\/tags?post=1285"}],"curies":[{"name":"wp","href":"https:\/\/api.w.org\/{rel}","templated":true}]}}