{"id":1276,"date":"2020-11-23T20:21:00","date_gmt":"2020-11-23T19:21:00","guid":{"rendered":"https:\/\/www.fenestra.sk\/16-dni-aktivizmu\/?p=1276"},"modified":"2022-12-13T18:17:39","modified_gmt":"2022-12-13T17:17:39","slug":"nova-web-stranka-16-dni-aktivizmu","status":"publish","type":"post","link":"https:\/\/www.fenestra.sk\/16-dni-aktivizmu\/nova-web-stranka-16-dni-aktivizmu\/","title":{"rendered":"SPUSTILI SME NOV\u00da WEB STR\u00c1NKU KAMPANE 16 DN\u00cd AKTIVIZMU"},"content":{"rendered":"\n<p class=\"has-medium-font-size\">U\u017e dlh\u0161ie sme uva\u017eovali nad t\u00fdm, ako urobi\u0165 web str\u00e1nku kampane 16 dn\u00ed aktivizmu proti n\u00e1siliu p\u00e1chan\u00e9mu na \u017een\u00e1ch spolo\u010dnou platformou pre v\u0161etk\u00fdch, ktor\u00e9 a ktor\u00ed sa do nej zapoja.&nbsp;&nbsp;<\/p>\n\n\n\n<div style=\"height:20px\" aria-hidden=\"true\" class=\"wp-block-spacer\"><\/div>\n\n\n\n<p class=\"has-medium-font-size\">Tohto roku sa n\u00e1m podarilo tento z\u00e1mer uskuto\u010dni\u0165 a pripravili sme nov\u00fa webov\u00fa str\u00e1nku, ktor\u00e1 v\u0161etk\u00fdm umo\u017e\u0148uje nahra\u0165 inform\u00e1cie o svojich aktivit\u00e1ch v r\u00e1mci kampane do kalend\u00e1ra udalost\u00ed a prida\u0165 k nim aj n\u00e1h\u013ead plag\u00e1tu, let\u00e1ku k aktivite alebo in\u00fa grafiku. Na niektorej jej \u010dastiach sa e\u0161te pracuje, ale hlavn\u00e9 \u010dasti s\u00fa funk\u010dn\u00e9 a pripraven\u00e9 pre \u013eud\u00ed, ktor\u00ed sa o kampa\u0148 zauj\u00edmaj\u00fa a chc\u00fa sa do nej nejak\u00fdm sp\u00f4sobom zapoji\u0165.&nbsp;<\/p>\n\n\n\n<div style=\"height:40px\" aria-hidden=\"true\" class=\"wp-block-spacer\"><\/div>\n\n\n\n<p class=\"has-medium-font-size\">Okrem toho je nov\u00e1 str\u00e1nka aj arch\u00edvom predo\u0161l\u00fdch udalost\u00ed. Tie m\u00f4\u017eu sl\u00fa\u017ei\u0165 ako in\u0161pir\u00e1cia pre ostatn\u00fdch \u013eud\u00ed, ktor\u00ed sa rozhodn\u00fa zorganizova\u0165 vlastn\u00fa aktivitu. V toolkite k zorganizovaniu aktiv\u00edt, ktor\u00fd na str\u00e1nku pribudne \u010doskoro, bud\u00fa praktick\u00e9 inform\u00e1cie k tomu, ako zorganizova\u0165 r\u00f4zne typy aktiv\u00edt a \u010do k tomu treba.&nbsp;&nbsp;<\/p>\n\n\n\n<div style=\"height:40px\" aria-hidden=\"true\" class=\"wp-block-spacer\"><\/div>\n\n\n\n<p class=\"has-medium-font-size\">Str\u00e1nka, samozrejme, obsahuje aj z\u00e1kladn\u00e9 inform\u00e1cie o samotnej kampani, jej hist\u00f3rii a jej cie\u013eoch na Slovensku a vo svete. V ka\u017edom ro\u010dn\u00edku kampane bud\u00fa k dispoz\u00edcii aj vizu\u00e1ly ako bannery, log\u00e1 a in\u00e9, ktor\u00e9 m\u00f4\u017eu \u013eudia a organiz\u00e1cie zdie\u013ea\u0165 a pou\u017ei\u0165.&nbsp;<\/p>\n\n\n\n<div style=\"height:40px\" aria-hidden=\"true\" class=\"wp-block-spacer\"><\/div>\n\n\n\n<p class=\"has-medium-font-size\">V neposlednom rade je str\u00e1nka aj priestorom pre vyjadrenie odmietav\u00e9ho postoja k n\u00e1siliu na \u017een\u00e1ch. Pon\u00faka aj in\u00e9 sp\u00f4soby, ako sa zapoji\u0165 do kampane. A, prostredn\u00edctvom aplik\u00e1cie &#8222;Povedzte NIE n\u00e1siliu p\u00e1chan\u00e9mu na \u017een\u00e1ch&#8220; m\u00f4\u017eu \u013eudia priamo na str\u00e1nke zanecha\u0165 svoj odkaz k n\u00e1siliu na \u017een\u00e1ch.&nbsp;<\/p>\n\n\n\n<div style=\"height:40px\" aria-hidden=\"true\" class=\"wp-block-spacer\"><\/div>\n\n\n\n<p class=\"has-medium-font-size\">Ver\u00edme, \u017ee sa t\u00e1to str\u00e1nka postupne stane zdrojom in\u0161pir\u00e1cie a informovania o ob\u010dianskych aktivit\u00e1ch a iniciat\u00edvach v r\u00e1mci tejto ka\u017edoro\u010dnej kampane.<\/p>\n\n\n\n<div style=\"height:40px\" aria-hidden=\"true\" class=\"wp-block-spacer\"><\/div>\n","protected":false},"excerpt":{"rendered":"<p>U\u017e dlh\u0161ie sme uva\u017eovali nad t\u00fdm, ako urobi\u0165 web str\u00e1nku kampane 16 dn\u00ed aktivizmu proti n\u00e1siliu p\u00e1chan\u00e9mu na \u017een\u00e1ch spolo\u010dnou platformou pre v\u0161etk\u00fdch, ktor\u00e9 a ktor\u00ed sa do nej zapoja.&nbsp;&nbsp; Tohto roku sa n\u00e1m podarilo tento z\u00e1mer uskuto\u010dni\u0165 a pripravili sme nov\u00fa webov\u00fa str\u00e1nku, ktor\u00e1 v\u0161etk\u00fdm umo\u017e\u0148uje nahra\u0165 inform\u00e1cie o svojich aktivit\u00e1ch v r\u00e1mci kampane [&hellip;]<\/p>\n","protected":false},"author":3,"featured_media":1277,"comment_status":"closed","ping_status":"closed","sticky":false,"template":"","format":"standard","meta":{"site-sidebar-layout":"default","site-content-layout":"default","ast-site-content-layout":"default","site-content-style":"default","site-sidebar-style":"default","ast-global-header-display":"","ast-banner-title-visibility":"","ast-main-header-display":"","ast-hfb-above-header-display":"","ast-hfb-below-header-display":"","ast-hfb-mobile-header-display":"","site-post-title":"","ast-breadcrumbs-content":"","ast-featured-img":"","footer-sml-layout":"","theme-transparent-header-meta":"default","adv-header-id-meta":"","stick-header-meta":"","header-above-stick-meta":"","header-main-stick-meta":"","header-below-stick-meta":"","astra-migrate-meta-layouts":"default","ast-page-background-enabled":"default","ast-page-background-meta":{"desktop":{"background-color":"var(--ast-global-color-4)","background-image":"","background-repeat":"repeat","background-position":"center center","background-size":"auto","background-attachment":"scroll","background-type":"","background-media":"","overlay-type":"","overlay-color":"","overlay-opacity":"","overlay-gradient":""},"tablet":{"background-color":"","background-image":"","background-repeat":"repeat","background-position":"center center","background-size":"auto","background-attachment":"scroll","background-type":"","background-media":"","overlay-type":"","overlay-color":"","overlay-opacity":"","overlay-gradient":""},"mobile":{"background-color":"","background-image":"","background-repeat":"repeat","background-position":"center center","background-size":"auto","background-attachment":"scroll","background-type":"","background-media":"","overlay-type":"","overlay-color":"","overlay-opacity":"","overlay-gradient":""}},"ast-content-background-meta":{"desktop":{"background-color":"var(--ast-global-color-5)","background-image":"","background-repeat":"repeat","background-position":"center center","background-size":"auto","background-attachment":"scroll","background-type":"","background-media":"","overlay-type":"","overlay-color":"","overlay-opacity":"","overlay-gradient":""},"tablet":{"background-color":"var(--ast-global-color-5)","background-image":"","background-repeat":"repeat","background-position":"center center","background-size":"auto","background-attachment":"scroll","background-type":"","background-media":"","overlay-type":"","overlay-color":"","overlay-opacity":"","overlay-gradient":""},"mobile":{"background-color":"var(--ast-global-color-5)","background-image":"","background-repeat":"repeat","background-position":"center center","background-size":"auto","background-attachment":"scroll","background-type":"","background-media":"","overlay-type":"","overlay-color":"","overlay-opacity":"","overlay-gradient":""}},"footnotes":""},"categories":[4],"tags":[],"class_list":["post-1276","post","type-post","status-publish","format-standard","has-post-thumbnail","hentry","category-novinky"],"yoast_head":"<!-- This site is optimized with the Yoast SEO plugin v26.0 - https:\/\/yoast.com\/wordpress\/plugins\/seo\/ -->\n<title>SPUSTILI SME NOV\u00da WEB STR\u00c1NKU KAMPANE 16 DN\u00cd AKTIVIZMU - 16 Dn\u00ed Aktivizmu<\/title>\n<meta name=\"robots\" content=\"index, follow, max-snippet:-1, max-image-preview:large, max-video-preview:-1\" \/>\n<link rel=\"canonical\" href=\"https:\/\/www.fenestra.sk\/16-dni-aktivizmu\/nova-web-stranka-16-dni-aktivizmu\/\" \/>\n<meta property=\"og:locale\" content=\"sk_SK\" \/>\n<meta property=\"og:type\" content=\"article\" \/>\n<meta property=\"og:title\" content=\"SPUSTILI SME NOV\u00da WEB STR\u00c1NKU KAMPANE 16 DN\u00cd AKTIVIZMU - 16 Dn\u00ed Aktivizmu\" \/>\n<meta property=\"og:description\" content=\"U\u017e dlh\u0161ie sme uva\u017eovali nad t\u00fdm, ako urobi\u0165 web str\u00e1nku kampane 16 dn\u00ed aktivizmu proti n\u00e1siliu p\u00e1chan\u00e9mu na \u017een\u00e1ch spolo\u010dnou platformou pre v\u0161etk\u00fdch, ktor\u00e9 a ktor\u00ed sa do nej zapoja.&nbsp;&nbsp; Tohto roku sa n\u00e1m podarilo tento z\u00e1mer uskuto\u010dni\u0165 a pripravili sme nov\u00fa webov\u00fa str\u00e1nku, ktor\u00e1 v\u0161etk\u00fdm umo\u017e\u0148uje nahra\u0165 inform\u00e1cie o svojich aktivit\u00e1ch v r\u00e1mci kampane [&hellip;]\" \/>\n<meta property=\"og:url\" content=\"https:\/\/www.fenestra.sk\/16-dni-aktivizmu\/nova-web-stranka-16-dni-aktivizmu\/\" \/>\n<meta property=\"og:site_name\" content=\"16 Dn\u00ed Aktivizmu\" \/>\n<meta property=\"article:published_time\" content=\"2020-11-23T19:21:00+00:00\" \/>\n<meta property=\"article:modified_time\" content=\"2022-12-13T17:17:39+00:00\" \/>\n<meta property=\"og:image\" content=\"https:\/\/www.fenestra.sk\/16-dni-aktivizmu\/wp-content\/uploads\/2020\/11\/rhondak-native-florida-folk-artist-_Yc7OtfFn-0-unsplash_clanok-e1606677185517.jpg\" \/>\n\t<meta property=\"og:image:width\" content=\"349\" \/>\n\t<meta property=\"og:image:height\" content=\"450\" \/>\n\t<meta property=\"og:image:type\" content=\"image\/jpeg\" \/>\n<meta name=\"author\" content=\"Fenestra\" \/>\n<meta name=\"twitter:card\" content=\"summary_large_image\" \/>\n<meta name=\"twitter:label1\" content=\"Autor\" \/>\n\t<meta name=\"twitter:data1\" content=\"Fenestra\" \/>\n\t<meta name=\"twitter:label2\" content=\"Predpokladan\u00fd \u010das \u010d\u00edtania\" \/>\n\t<meta name=\"twitter:data2\" content=\"2 min\u00faty\" \/>\n<script type=\"application\/ld+json\" class=\"yoast-schema-graph\">{\"@context\":\"https:\/\/schema.org\",\"@graph\":[{\"@type\":\"WebPage\",\"@id\":\"https:\/\/www.fenestra.sk\/16-dni-aktivizmu\/nova-web-stranka-16-dni-aktivizmu\/\",\"url\":\"https:\/\/www.fenestra.sk\/16-dni-aktivizmu\/nova-web-stranka-16-dni-aktivizmu\/\",\"name\":\"SPUSTILI SME NOV\u00da WEB STR\u00c1NKU KAMPANE 16 DN\u00cd AKTIVIZMU - 16 Dn\u00ed Aktivizmu\",\"isPartOf\":{\"@id\":\"https:\/\/www.fenestra.sk\/16-dni-aktivizmu\/#website\"},\"primaryImageOfPage\":{\"@id\":\"https:\/\/www.fenestra.sk\/16-dni-aktivizmu\/nova-web-stranka-16-dni-aktivizmu\/#primaryimage\"},\"image\":{\"@id\":\"https:\/\/www.fenestra.sk\/16-dni-aktivizmu\/nova-web-stranka-16-dni-aktivizmu\/#primaryimage\"},\"thumbnailUrl\":\"https:\/\/www.fenestra.sk\/16-dni-aktivizmu\/wp-content\/uploads\/2020\/11\/rhondak-native-florida-folk-artist-_Yc7OtfFn-0-unsplash_clanok-e1606677185517.jpg\",\"datePublished\":\"2020-11-23T19:21:00+00:00\",\"dateModified\":\"2022-12-13T17:17:39+00:00\",\"author\":{\"@id\":\"https:\/\/www.fenestra.sk\/16-dni-aktivizmu\/#\/schema\/person\/23ca30eb45db72c951ccda41d1696dbf\"},\"breadcrumb\":{\"@id\":\"https:\/\/www.fenestra.sk\/16-dni-aktivizmu\/nova-web-stranka-16-dni-aktivizmu\/#breadcrumb\"},\"inLanguage\":\"sk-SK\",\"potentialAction\":[{\"@type\":\"ReadAction\",\"target\":[\"https:\/\/www.fenestra.sk\/16-dni-aktivizmu\/nova-web-stranka-16-dni-aktivizmu\/\"]}]},{\"@type\":\"ImageObject\",\"inLanguage\":\"sk-SK\",\"@id\":\"https:\/\/www.fenestra.sk\/16-dni-aktivizmu\/nova-web-stranka-16-dni-aktivizmu\/#primaryimage\",\"url\":\"https:\/\/www.fenestra.sk\/16-dni-aktivizmu\/wp-content\/uploads\/2020\/11\/rhondak-native-florida-folk-artist-_Yc7OtfFn-0-unsplash_clanok-e1606677185517.jpg\",\"contentUrl\":\"https:\/\/www.fenestra.sk\/16-dni-aktivizmu\/wp-content\/uploads\/2020\/11\/rhondak-native-florida-folk-artist-_Yc7OtfFn-0-unsplash_clanok-e1606677185517.jpg\",\"width\":349,\"height\":450},{\"@type\":\"BreadcrumbList\",\"@id\":\"https:\/\/www.fenestra.sk\/16-dni-aktivizmu\/nova-web-stranka-16-dni-aktivizmu\/#breadcrumb\",\"itemListElement\":[{\"@type\":\"ListItem\",\"position\":1,\"name\":\"Domovsk\u00e1 str\u00e1nka\",\"item\":\"https:\/\/www.fenestra.sk\/16-dni-aktivizmu\/\"},{\"@type\":\"ListItem\",\"position\":2,\"name\":\"SPUSTILI SME NOV\u00da WEB STR\u00c1NKU KAMPANE 16 DN\u00cd AKTIVIZMU\"}]},{\"@type\":\"WebSite\",\"@id\":\"https:\/\/www.fenestra.sk\/16-dni-aktivizmu\/#website\",\"url\":\"https:\/\/www.fenestra.sk\/16-dni-aktivizmu\/\",\"name\":\"16 Dn\u00ed Aktivizmu\",\"description\":\"\",\"potentialAction\":[{\"@type\":\"SearchAction\",\"target\":{\"@type\":\"EntryPoint\",\"urlTemplate\":\"https:\/\/www.fenestra.sk\/16-dni-aktivizmu\/?s={search_term_string}\"},\"query-input\":{\"@type\":\"PropertyValueSpecification\",\"valueRequired\":true,\"valueName\":\"search_term_string\"}}],\"inLanguage\":\"sk-SK\"},{\"@type\":\"Person\",\"@id\":\"https:\/\/www.fenestra.sk\/16-dni-aktivizmu\/#\/schema\/person\/23ca30eb45db72c951ccda41d1696dbf\",\"name\":\"Fenestra\",\"image\":{\"@type\":\"ImageObject\",\"inLanguage\":\"sk-SK\",\"@id\":\"https:\/\/www.fenestra.sk\/16-dni-aktivizmu\/#\/schema\/person\/image\/\",\"url\":\"https:\/\/secure.gravatar.com\/avatar\/2e37a2837649876f560daf22c87dfc92e49be3ebd47e972b8ee5299ee63cc1d5?s=96&d=mm&r=g\",\"contentUrl\":\"https:\/\/secure.gravatar.com\/avatar\/2e37a2837649876f560daf22c87dfc92e49be3ebd47e972b8ee5299ee63cc1d5?s=96&d=mm&r=g\",\"caption\":\"Fenestra\"},\"url\":\"https:\/\/www.fenestra.sk\/16-dni-aktivizmu\/author\/fenestra\/\"}]}<\/script>\n<!-- \/ Yoast SEO plugin. -->","yoast_head_json":{"title":"SPUSTILI SME NOV\u00da WEB STR\u00c1NKU KAMPANE 16 DN\u00cd AKTIVIZMU - 16 Dn\u00ed Aktivizmu","robots":{"index":"index","follow":"follow","max-snippet":"max-snippet:-1","max-image-preview":"max-image-preview:large","max-video-preview":"max-video-preview:-1"},"canonical":"https:\/\/www.fenestra.sk\/16-dni-aktivizmu\/nova-web-stranka-16-dni-aktivizmu\/","og_locale":"sk_SK","og_type":"article","og_title":"SPUSTILI SME NOV\u00da WEB STR\u00c1NKU KAMPANE 16 DN\u00cd AKTIVIZMU - 16 Dn\u00ed Aktivizmu","og_description":"U\u017e dlh\u0161ie sme uva\u017eovali nad t\u00fdm, ako urobi\u0165 web str\u00e1nku kampane 16 dn\u00ed aktivizmu proti n\u00e1siliu p\u00e1chan\u00e9mu na \u017een\u00e1ch spolo\u010dnou platformou pre v\u0161etk\u00fdch, ktor\u00e9 a ktor\u00ed sa do nej zapoja.&nbsp;&nbsp; Tohto roku sa n\u00e1m podarilo tento z\u00e1mer uskuto\u010dni\u0165 a pripravili sme nov\u00fa webov\u00fa str\u00e1nku, ktor\u00e1 v\u0161etk\u00fdm umo\u017e\u0148uje nahra\u0165 inform\u00e1cie o svojich aktivit\u00e1ch v r\u00e1mci kampane [&hellip;]","og_url":"https:\/\/www.fenestra.sk\/16-dni-aktivizmu\/nova-web-stranka-16-dni-aktivizmu\/","og_site_name":"16 Dn\u00ed Aktivizmu","article_published_time":"2020-11-23T19:21:00+00:00","article_modified_time":"2022-12-13T17:17:39+00:00","og_image":[{"width":349,"height":450,"url":"https:\/\/www.fenestra.sk\/16-dni-aktivizmu\/wp-content\/uploads\/2020\/11\/rhondak-native-florida-folk-artist-_Yc7OtfFn-0-unsplash_clanok-e1606677185517.jpg","type":"image\/jpeg"}],"author":"Fenestra","twitter_card":"summary_large_image","twitter_misc":{"Autor":"Fenestra","Predpokladan\u00fd \u010das \u010d\u00edtania":"2 min\u00faty"},"schema":{"@context":"https:\/\/schema.org","@graph":[{"@type":"WebPage","@id":"https:\/\/www.fenestra.sk\/16-dni-aktivizmu\/nova-web-stranka-16-dni-aktivizmu\/","url":"https:\/\/www.fenestra.sk\/16-dni-aktivizmu\/nova-web-stranka-16-dni-aktivizmu\/","name":"SPUSTILI SME NOV\u00da WEB STR\u00c1NKU KAMPANE 16 DN\u00cd AKTIVIZMU - 16 Dn\u00ed Aktivizmu","isPartOf":{"@id":"https:\/\/www.fenestra.sk\/16-dni-aktivizmu\/#website"},"primaryImageOfPage":{"@id":"https:\/\/www.fenestra.sk\/16-dni-aktivizmu\/nova-web-stranka-16-dni-aktivizmu\/#primaryimage"},"image":{"@id":"https:\/\/www.fenestra.sk\/16-dni-aktivizmu\/nova-web-stranka-16-dni-aktivizmu\/#primaryimage"},"thumbnailUrl":"https:\/\/www.fenestra.sk\/16-dni-aktivizmu\/wp-content\/uploads\/2020\/11\/rhondak-native-florida-folk-artist-_Yc7OtfFn-0-unsplash_clanok-e1606677185517.jpg","datePublished":"2020-11-23T19:21:00+00:00","dateModified":"2022-12-13T17:17:39+00:00","author":{"@id":"https:\/\/www.fenestra.sk\/16-dni-aktivizmu\/#\/schema\/person\/23ca30eb45db72c951ccda41d1696dbf"},"breadcrumb":{"@id":"https:\/\/www.fenestra.sk\/16-dni-aktivizmu\/nova-web-stranka-16-dni-aktivizmu\/#breadcrumb"},"inLanguage":"sk-SK","potentialAction":[{"@type":"ReadAction","target":["https:\/\/www.fenestra.sk\/16-dni-aktivizmu\/nova-web-stranka-16-dni-aktivizmu\/"]}]},{"@type":"ImageObject","inLanguage":"sk-SK","@id":"https:\/\/www.fenestra.sk\/16-dni-aktivizmu\/nova-web-stranka-16-dni-aktivizmu\/#primaryimage","url":"https:\/\/www.fenestra.sk\/16-dni-aktivizmu\/wp-content\/uploads\/2020\/11\/rhondak-native-florida-folk-artist-_Yc7OtfFn-0-unsplash_clanok-e1606677185517.jpg","contentUrl":"https:\/\/www.fenestra.sk\/16-dni-aktivizmu\/wp-content\/uploads\/2020\/11\/rhondak-native-florida-folk-artist-_Yc7OtfFn-0-unsplash_clanok-e1606677185517.jpg","width":349,"height":450},{"@type":"BreadcrumbList","@id":"https:\/\/www.fenestra.sk\/16-dni-aktivizmu\/nova-web-stranka-16-dni-aktivizmu\/#breadcrumb","itemListElement":[{"@type":"ListItem","position":1,"name":"Domovsk\u00e1 str\u00e1nka","item":"https:\/\/www.fenestra.sk\/16-dni-aktivizmu\/"},{"@type":"ListItem","position":2,"name":"SPUSTILI SME NOV\u00da WEB STR\u00c1NKU KAMPANE 16 DN\u00cd AKTIVIZMU"}]},{"@type":"WebSite","@id":"https:\/\/www.fenestra.sk\/16-dni-aktivizmu\/#website","url":"https:\/\/www.fenestra.sk\/16-dni-aktivizmu\/","name":"16 Dn\u00ed Aktivizmu","description":"","potentialAction":[{"@type":"SearchAction","target":{"@type":"EntryPoint","urlTemplate":"https:\/\/www.fenestra.sk\/16-dni-aktivizmu\/?s={search_term_string}"},"query-input":{"@type":"PropertyValueSpecification","valueRequired":true,"valueName":"search_term_string"}}],"inLanguage":"sk-SK"},{"@type":"Person","@id":"https:\/\/www.fenestra.sk\/16-dni-aktivizmu\/#\/schema\/person\/23ca30eb45db72c951ccda41d1696dbf","name":"Fenestra","image":{"@type":"ImageObject","inLanguage":"sk-SK","@id":"https:\/\/www.fenestra.sk\/16-dni-aktivizmu\/#\/schema\/person\/image\/","url":"https:\/\/secure.gravatar.com\/avatar\/2e37a2837649876f560daf22c87dfc92e49be3ebd47e972b8ee5299ee63cc1d5?s=96&d=mm&r=g","contentUrl":"https:\/\/secure.gravatar.com\/avatar\/2e37a2837649876f560daf22c87dfc92e49be3ebd47e972b8ee5299ee63cc1d5?s=96&d=mm&r=g","caption":"Fenestra"},"url":"https:\/\/www.fenestra.sk\/16-dni-aktivizmu\/author\/fenestra\/"}]}},"_links":{"self":[{"href":"https:\/\/www.fenestra.sk\/16-dni-aktivizmu\/wp-json\/wp\/v2\/posts\/1276","targetHints":{"allow":["GET"]}}],"collection":[{"href":"https:\/\/www.fenestra.sk\/16-dni-aktivizmu\/wp-json\/wp\/v2\/posts"}],"about":[{"href":"https:\/\/www.fenestra.sk\/16-dni-aktivizmu\/wp-json\/wp\/v2\/types\/post"}],"author":[{"embeddable":true,"href":"https:\/\/www.fenestra.sk\/16-dni-aktivizmu\/wp-json\/wp\/v2\/users\/3"}],"replies":[{"embeddable":true,"href":"https:\/\/www.fenestra.sk\/16-dni-aktivizmu\/wp-json\/wp\/v2\/comments?post=1276"}],"version-history":[{"count":8,"href":"https:\/\/www.fenestra.sk\/16-dni-aktivizmu\/wp-json\/wp\/v2\/posts\/1276\/revisions"}],"predecessor-version":[{"id":6121,"href":"https:\/\/www.fenestra.sk\/16-dni-aktivizmu\/wp-json\/wp\/v2\/posts\/1276\/revisions\/6121"}],"wp:featuredmedia":[{"embeddable":true,"href":"https:\/\/www.fenestra.sk\/16-dni-aktivizmu\/wp-json\/wp\/v2\/media\/1277"}],"wp:attachment":[{"href":"https:\/\/www.fenestra.sk\/16-dni-aktivizmu\/wp-json\/wp\/v2\/media?parent=1276"}],"wp:term":[{"taxonomy":"category","embeddable":true,"href":"https:\/\/www.fenestra.sk\/16-dni-aktivizmu\/wp-json\/wp\/v2\/categories?post=1276"},{"taxonomy":"post_tag","embeddable":true,"href":"https:\/\/www.fenestra.sk\/16-dni-aktivizmu\/wp-json\/wp\/v2\/tags?post=1276"}],"curies":[{"name":"wp","href":"https:\/\/api.w.org\/{rel}","templated":true}]}}